{"id":387,"date":"2018-04-20T01:00:19","date_gmt":"2018-04-19T23:00:19","guid":{"rendered":"https:\/\/www.prepararjubilacion.com\/?p=387"},"modified":"2025-08-18T01:29:25","modified_gmt":"2025-08-17T23:29:25","slug":"la-seguridad-social-empieza-a-endeudarse-para-abonar-la-paga-extra-de-diciembre-2017","status":"publish","type":"post","link":"https:\/\/www.marketingdigitalenred.com\/planearjubilacion\/la-seguridad-social-empieza-a-endeudarse-para-abonar-la-paga-extra-de-diciembre-2017\/","title":{"rendered":"0001 : La Seguridad Social empieza a endeudarse para abonar la paga extra de diciembre-2017"},"content":{"rendered":"<p style=\"text-align: center !important;\"><img decoding=\"async\" src=\"https:\/\/www.marketingdigitalenred.com\/planearjubilacion\/wp-content\/uploads\/la-seguridad-social-se-endeuda-para-poder-afrontar-la-paga-extra-de-navidad-planear-jubilacion-1024-1024.jpg\" width=\"768px\" height=\"768px\" alt=\"La Seguridad Social se endeuda para poder afrontar la paga extra de Navidad - Planear Jubilaci\u00f3n\" title=\"La Seguridad Social se endeuda para poder afrontar la paga extra de Navidad - Planear Jubilaci\u00f3n\"><\/p>\n<h3>La Seguridad Social empieza a endeudarse para abonar la paga extra de diciembre-2017<\/h3>\n<p>El saldo neto del Fondo de Reserva es de 5.600 millones y el ministerio necesita 9.500 millones para cubrir la paga de Navidad, por lo que acumular\u00e1 un pasivo de casi 4.000 millones.<\/p>\n<p>Llega diciembre y un a\u00f1o m\u00e1s la Seguridad Social tiene que tirar de sus ahorros para abonar la paga extra a los pensionistas. Los ingresos por cotizaciones dan para pagar la n\u00f3mina mensual, pero no generan el super\u00e1vit necesario para pagar las extras de julio y diciembre. Hasta ahora, el Gobierno las ha financiado con el Fondo de Reserva, conocido popularmente como la &#8216;hucha de las pensiones&#8217;, pero no ser\u00e1 suficiente para cubrir todo el gasto de este a\u00f1o. Para cubrir la extra de Navidad, la Seguridad Social tendr\u00e1 que empezar a endeudarse netamente.<\/p>\n<p>Para leer m\u00e1s, pinchar aqu\u00ed:\u00a0<a href=\"https:\/\/www.elconfidencial.com\/economia\/2017-11-27\/la-seguridad-social-empieza-a-endeudarse-para-abonar-la-paga-extra-de-diciembre_1483307\/\" target=\"_blank\" rel=\"noopener\">https:\/\/www.elconfidencial.com\/economia\/2017-11-27\/la-seguridad-social-empieza-a-endeudarse-para-abonar-la-paga-extra-de-diciembre_1483307\/<\/a><\/p>\n","protected":false},"excerpt":{"rendered":"<p>La Seguridad Social empieza a endeudarse para abonar la paga extra de diciembre-2017 El saldo neto del Fondo de Reserva es de 5.600 millones y el ministerio necesita 9.500 millones para cubrir la paga de Navidad, por lo que acumular\u00e1 un pasivo de casi 4.000 millones. Llega diciembre y un a\u00f1o m\u00e1s la Seguridad Social [&hellip;]<\/p>\n","protected":false},"author":1,"featured_media":1176,"comment_status":"closed","ping_status":"closed","sticky":false,"template":"","format":"standard","meta":{"ocean_post_layout":"","ocean_both_sidebars_style":"","ocean_both_sidebars_content_width":0,"ocean_both_sidebars_sidebars_width":0,"ocean_sidebar":"0","ocean_second_sidebar":"0","ocean_disable_margins":"enable","ocean_add_body_class":"","ocean_shortcode_before_top_bar":"","ocean_shortcode_after_top_bar":"","ocean_shortcode_before_header":"","ocean_shortcode_after_header":"","ocean_has_shortcode":"","ocean_shortcode_after_title":"","ocean_shortcode_before_footer_widgets":"","ocean_shortcode_after_footer_widgets":"","ocean_shortcode_before_footer_bottom":"","ocean_shortcode_after_footer_bottom":"","ocean_display_top_bar":"default","ocean_display_header":"default","ocean_header_style":"","ocean_center_header_left_menu":"0","ocean_custom_header_template":"0","ocean_custom_logo":0,"ocean_custom_retina_logo":0,"ocean_custom_logo_max_width":0,"ocean_custom_logo_tablet_max_width":0,"ocean_custom_logo_mobile_max_width":0,"ocean_custom_logo_max_height":0,"ocean_custom_logo_tablet_max_height":0,"ocean_custom_logo_mobile_max_height":0,"ocean_header_custom_menu":"0","ocean_menu_typo_font_family":"0","ocean_menu_typo_font_subset":"","ocean_menu_typo_font_size":0,"ocean_menu_typo_font_size_tablet":0,"ocean_menu_typo_font_size_mobile":0,"ocean_menu_typo_font_size_unit":"px","ocean_menu_typo_font_weight":"","ocean_menu_typo_font_weight_tablet":"","ocean_menu_typo_font_weight_mobile":"","ocean_menu_typo_transform":"","ocean_menu_typo_transform_tablet":"","ocean_menu_typo_transform_mobile":"","ocean_menu_typo_line_height":0,"ocean_menu_typo_line_height_tablet":0,"ocean_menu_typo_line_height_mobile":0,"ocean_menu_typo_line_height_unit":"","ocean_menu_typo_spacing":0,"ocean_menu_typo_spacing_tablet":0,"ocean_menu_typo_spacing_mobile":0,"ocean_menu_typo_spacing_unit":"","ocean_menu_link_color":"","ocean_menu_link_color_hover":"","ocean_menu_link_color_active":"","ocean_menu_link_background":"","ocean_menu_link_hover_background":"","ocean_menu_link_active_background":"","ocean_menu_social_links_bg":"","ocean_menu_social_hover_links_bg":"","ocean_menu_social_links_color":"","ocean_menu_social_hover_links_color":"","ocean_disable_title":"default","ocean_disable_heading":"default","ocean_post_title":"","ocean_post_subheading":"","ocean_post_title_style":"","ocean_post_title_background_color":"","ocean_post_title_background":0,"ocean_post_title_bg_image_position":"","ocean_post_title_bg_image_attachment":"","ocean_post_title_bg_image_repeat":"","ocean_post_title_bg_image_size":"","ocean_post_title_height":0,"ocean_post_title_bg_overlay":0.5,"ocean_post_title_bg_overlay_color":"","ocean_disable_breadcrumbs":"default","ocean_breadcrumbs_color":"","ocean_breadcrumbs_separator_color":"","ocean_breadcrumbs_links_color":"","ocean_breadcrumbs_links_hover_color":"","ocean_display_footer_widgets":"default","ocean_display_footer_bottom":"default","ocean_custom_footer_template":"0","ocean_post_oembed":"","ocean_post_self_hosted_media":"","ocean_post_video_embed":"","ocean_link_format":"","ocean_link_format_target":"self","ocean_quote_format":"","ocean_quote_format_link":"post","ocean_gallery_link_images":"on","ocean_gallery_id":[],"footnotes":""},"categories":[2,1],"tags":[5,6,7,8,9,10,11],"class_list":["post-387","post","type-post","status-publish","format-standard","has-post-thumbnail","hentry","category-ahorro-e-inversion","category-sin-categoria","tag-ahorro","tag-ahorro-e-inversion","tag-inversion","tag-jubilacion","tag-pension","tag-pensiones","tag-preparar-jubilacion","entry","has-media"],"yoast_head":"<!-- This site is optimized with the Yoast SEO plugin v27.5 - https:\/\/yoast.com\/product\/yoast-seo-wordpress\/ -->\n<title>0001 : La Seguridad Social empieza a endeudarse para abonar la paga extra de diciembre-2017 - PlanearJubilacion.com<\/title>\n<meta name=\"robots\" content=\"index, follow, max-snippet:-1, max-image-preview:large, max-video-preview:-1\" \/>\n<link rel=\"canonical\" href=\"https:\/\/www.marketingdigitalenred.com\/planearjubilacion\/la-seguridad-social-empieza-a-endeudarse-para-abonar-la-paga-extra-de-diciembre-2017\/\" \/>\n<meta property=\"og:locale\" content=\"es_ES\" \/>\n<meta property=\"og:type\" content=\"article\" \/>\n<meta property=\"og:title\" content=\"0001 : La Seguridad Social empieza a endeudarse para abonar la paga extra de diciembre-2017 - PlanearJubilacion.com\" \/>\n<meta property=\"og:description\" content=\"La Seguridad Social empieza a endeudarse para abonar la paga extra de diciembre-2017 El saldo neto del Fondo de Reserva es de 5.600 millones y el ministerio necesita 9.500 millones para cubrir la paga de Navidad, por lo que acumular\u00e1 un pasivo de casi 4.000 millones. Llega diciembre y un a\u00f1o m\u00e1s la Seguridad Social [&hellip;]\" \/>\n<meta property=\"og:url\" content=\"https:\/\/www.marketingdigitalenred.com\/planearjubilacion\/la-seguridad-social-empieza-a-endeudarse-para-abonar-la-paga-extra-de-diciembre-2017\/\" \/>\n<meta property=\"og:site_name\" content=\"PlanearJubilacion.com\" \/>\n<meta property=\"article:published_time\" content=\"2018-04-19T23:00:19+00:00\" \/>\n<meta property=\"article:modified_time\" content=\"2025-08-17T23:29:25+00:00\" \/>\n<meta property=\"og:image\" content=\"https:\/\/www.marketingdigitalenred.com\/planearjubilacion\/wp-content\/uploads\/la-seguridad-social-se-endeuda-para-poder-afrontar-la-paga-extra-de-navidad-planear-jubilacion-1024-1024.jpg\" \/>\n\t<meta property=\"og:image:width\" content=\"1024\" \/>\n\t<meta property=\"og:image:height\" content=\"1024\" \/>\n\t<meta property=\"og:image:type\" content=\"image\/jpeg\" \/>\n<meta name=\"author\" content=\"Roberto Acu\u00f1a P\u00e9rez\" \/>\n<meta name=\"twitter:card\" content=\"summary_large_image\" \/>\n<meta name=\"twitter:label1\" content=\"Escrito por\" \/>\n\t<meta name=\"twitter:data1\" content=\"Roberto Acu\u00f1a P\u00e9rez\" \/>\n\t<meta name=\"twitter:label2\" content=\"Tiempo de lectura\" \/>\n\t<meta name=\"twitter:data2\" content=\"1 minuto\" \/>\n<script type=\"application\/ld+json\" class=\"yoast-schema-graph\">{\"@context\":\"https:\\\/\\\/schema.org\",\"@graph\":[{\"@type\":\"Article\",\"@id\":\"https:\\\/\\\/www.marketingdigitalenred.com\\\/planearjubilacion\\\/la-seguridad-social-empieza-a-endeudarse-para-abonar-la-paga-extra-de-diciembre-2017\\\/#article\",\"isPartOf\":{\"@id\":\"https:\\\/\\\/www.marketingdigitalenred.com\\\/planearjubilacion\\\/la-seguridad-social-empieza-a-endeudarse-para-abonar-la-paga-extra-de-diciembre-2017\\\/\"},\"author\":{\"name\":\"Roberto Acu\u00f1a P\u00e9rez\",\"@id\":\"https:\\\/\\\/www.marketingdigitalenred.com\\\/planearjubilacion\\\/#\\\/schema\\\/person\\\/506b2c7a40485ee924a8355f7f9f988a\"},\"headline\":\"0001 : La Seguridad Social empieza a endeudarse para abonar la paga extra de diciembre-2017\",\"datePublished\":\"2018-04-19T23:00:19+00:00\",\"dateModified\":\"2025-08-17T23:29:25+00:00\",\"mainEntityOfPage\":{\"@id\":\"https:\\\/\\\/www.marketingdigitalenred.com\\\/planearjubilacion\\\/la-seguridad-social-empieza-a-endeudarse-para-abonar-la-paga-extra-de-diciembre-2017\\\/\"},\"wordCount\":169,\"publisher\":{\"@id\":\"https:\\\/\\\/www.marketingdigitalenred.com\\\/planearjubilacion\\\/#\\\/schema\\\/person\\\/506b2c7a40485ee924a8355f7f9f988a\"},\"image\":{\"@id\":\"https:\\\/\\\/www.marketingdigitalenred.com\\\/planearjubilacion\\\/la-seguridad-social-empieza-a-endeudarse-para-abonar-la-paga-extra-de-diciembre-2017\\\/#primaryimage\"},\"thumbnailUrl\":\"https:\\\/\\\/www.marketingdigitalenred.com\\\/planearjubilacion\\\/wp-content\\\/uploads\\\/la-seguridad-social-se-endeuda-para-poder-afrontar-la-paga-extra-de-navidad-planear-jubilacion-1024-1024.jpg\",\"keywords\":[\"ahorro\",\"Ahorro e Inversi\u00f3n\",\"inversi\u00f3n\",\"Jubilac\u00ed\u00f3n\",\"pensi\u00f3n\",\"pensiones\",\"preparar jubilaci\u00f3n\"],\"articleSection\":[\"Ahorro e Inversi\u00f3n\"],\"inLanguage\":\"es\"},{\"@type\":\"WebPage\",\"@id\":\"https:\\\/\\\/www.marketingdigitalenred.com\\\/planearjubilacion\\\/la-seguridad-social-empieza-a-endeudarse-para-abonar-la-paga-extra-de-diciembre-2017\\\/\",\"url\":\"https:\\\/\\\/www.marketingdigitalenred.com\\\/planearjubilacion\\\/la-seguridad-social-empieza-a-endeudarse-para-abonar-la-paga-extra-de-diciembre-2017\\\/\",\"name\":\"0001 : La Seguridad Social empieza a endeudarse para abonar la paga extra de diciembre-2017 - PlanearJubilacion.com\",\"isPartOf\":{\"@id\":\"https:\\\/\\\/www.marketingdigitalenred.com\\\/planearjubilacion\\\/#website\"},\"primaryImageOfPage\":{\"@id\":\"https:\\\/\\\/www.marketingdigitalenred.com\\\/planearjubilacion\\\/la-seguridad-social-empieza-a-endeudarse-para-abonar-la-paga-extra-de-diciembre-2017\\\/#primaryimage\"},\"image\":{\"@id\":\"https:\\\/\\\/www.marketingdigitalenred.com\\\/planearjubilacion\\\/la-seguridad-social-empieza-a-endeudarse-para-abonar-la-paga-extra-de-diciembre-2017\\\/#primaryimage\"},\"thumbnailUrl\":\"https:\\\/\\\/www.marketingdigitalenred.com\\\/planearjubilacion\\\/wp-content\\\/uploads\\\/la-seguridad-social-se-endeuda-para-poder-afrontar-la-paga-extra-de-navidad-planear-jubilacion-1024-1024.jpg\",\"datePublished\":\"2018-04-19T23:00:19+00:00\",\"dateModified\":\"2025-08-17T23:29:25+00:00\",\"breadcrumb\":{\"@id\":\"https:\\\/\\\/www.marketingdigitalenred.com\\\/planearjubilacion\\\/la-seguridad-social-empieza-a-endeudarse-para-abonar-la-paga-extra-de-diciembre-2017\\\/#breadcrumb\"},\"inLanguage\":\"es\",\"potentialAction\":[{\"@type\":\"ReadAction\",\"target\":[\"https:\\\/\\\/www.marketingdigitalenred.com\\\/planearjubilacion\\\/la-seguridad-social-empieza-a-endeudarse-para-abonar-la-paga-extra-de-diciembre-2017\\\/\"]}]},{\"@type\":\"ImageObject\",\"inLanguage\":\"es\",\"@id\":\"https:\\\/\\\/www.marketingdigitalenred.com\\\/planearjubilacion\\\/la-seguridad-social-empieza-a-endeudarse-para-abonar-la-paga-extra-de-diciembre-2017\\\/#primaryimage\",\"url\":\"https:\\\/\\\/www.marketingdigitalenred.com\\\/planearjubilacion\\\/wp-content\\\/uploads\\\/la-seguridad-social-se-endeuda-para-poder-afrontar-la-paga-extra-de-navidad-planear-jubilacion-1024-1024.jpg\",\"contentUrl\":\"https:\\\/\\\/www.marketingdigitalenred.com\\\/planearjubilacion\\\/wp-content\\\/uploads\\\/la-seguridad-social-se-endeuda-para-poder-afrontar-la-paga-extra-de-navidad-planear-jubilacion-1024-1024.jpg\",\"width\":1024,\"height\":1024,\"caption\":\"La Seguridad Social se endeuda para poder afrontar la paga extra de Navidad - Planear Jubilaci\u00f3n\"},{\"@type\":\"BreadcrumbList\",\"@id\":\"https:\\\/\\\/www.marketingdigitalenred.com\\\/planearjubilacion\\\/la-seguridad-social-empieza-a-endeudarse-para-abonar-la-paga-extra-de-diciembre-2017\\\/#breadcrumb\",\"itemListElement\":[{\"@type\":\"ListItem\",\"position\":1,\"name\":\"Portada\",\"item\":\"https:\\\/\\\/www.marketingdigitalenred.com\\\/planearjubilacion\\\/\"},{\"@type\":\"ListItem\",\"position\":2,\"name\":\"0001 : La Seguridad Social empieza a endeudarse para abonar la paga extra de diciembre-2017\"}]},{\"@type\":\"WebSite\",\"@id\":\"https:\\\/\\\/www.marketingdigitalenred.com\\\/planearjubilacion\\\/#website\",\"url\":\"https:\\\/\\\/www.marketingdigitalenred.com\\\/planearjubilacion\\\/\",\"name\":\"PlanearJubilacion.com\",\"description\":\"Tu sitio ideal para conseguir tu libertad financiera\",\"publisher\":{\"@id\":\"https:\\\/\\\/www.marketingdigitalenred.com\\\/planearjubilacion\\\/#\\\/schema\\\/person\\\/506b2c7a40485ee924a8355f7f9f988a\"},\"potentialAction\":[{\"@type\":\"SearchAction\",\"target\":{\"@type\":\"EntryPoint\",\"urlTemplate\":\"https:\\\/\\\/www.marketingdigitalenred.com\\\/planearjubilacion\\\/?s={search_term_string}\"},\"query-input\":{\"@type\":\"PropertyValueSpecification\",\"valueRequired\":true,\"valueName\":\"search_term_string\"}}],\"inLanguage\":\"es\"},{\"@type\":[\"Person\",\"Organization\"],\"@id\":\"https:\\\/\\\/www.marketingdigitalenred.com\\\/planearjubilacion\\\/#\\\/schema\\\/person\\\/506b2c7a40485ee924a8355f7f9f988a\",\"name\":\"Roberto Acu\u00f1a P\u00e9rez\",\"image\":{\"@type\":\"ImageObject\",\"inLanguage\":\"es\",\"@id\":\"https:\\\/\\\/www.marketingdigitalenred.com\\\/planearjubilacion\\\/wp-content\\\/uploads\\\/Planear-Jubilacion-LogoG-1267-250.png\",\"url\":\"https:\\\/\\\/www.marketingdigitalenred.com\\\/planearjubilacion\\\/wp-content\\\/uploads\\\/Planear-Jubilacion-LogoG-1267-250.png\",\"contentUrl\":\"https:\\\/\\\/www.marketingdigitalenred.com\\\/planearjubilacion\\\/wp-content\\\/uploads\\\/Planear-Jubilacion-LogoG-1267-250.png\",\"width\":1267,\"height\":250,\"caption\":\"Roberto Acu\u00f1a P\u00e9rez\"},\"logo\":{\"@id\":\"https:\\\/\\\/www.marketingdigitalenred.com\\\/planearjubilacion\\\/wp-content\\\/uploads\\\/Planear-Jubilacion-LogoG-1267-250.png\"},\"sameAs\":[\"https:\\\/\\\/www.marketingdigitalenred.com\\\/planearjubilacion\"],\"url\":\"https:\\\/\\\/www.marketingdigitalenred.com\\\/planearjubilacion\\\/author\\\/robertoacuperezpjcom\\\/\"}]}<\/script>\n<!-- \/ Yoast SEO plugin. -->","yoast_head_json":{"title":"0001 : La Seguridad Social empieza a endeudarse para abonar la paga extra de diciembre-2017 - PlanearJubilacion.com","robots":{"index":"index","follow":"follow","max-snippet":"max-snippet:-1","max-image-preview":"max-image-preview:large","max-video-preview":"max-video-preview:-1"},"canonical":"https:\/\/www.marketingdigitalenred.com\/planearjubilacion\/la-seguridad-social-empieza-a-endeudarse-para-abonar-la-paga-extra-de-diciembre-2017\/","og_locale":"es_ES","og_type":"article","og_title":"0001 : La Seguridad Social empieza a endeudarse para abonar la paga extra de diciembre-2017 - PlanearJubilacion.com","og_description":"La Seguridad Social empieza a endeudarse para abonar la paga extra de diciembre-2017 El saldo neto del Fondo de Reserva es de 5.600 millones y el ministerio necesita 9.500 millones para cubrir la paga de Navidad, por lo que acumular\u00e1 un pasivo de casi 4.000 millones. Llega diciembre y un a\u00f1o m\u00e1s la Seguridad Social [&hellip;]","og_url":"https:\/\/www.marketingdigitalenred.com\/planearjubilacion\/la-seguridad-social-empieza-a-endeudarse-para-abonar-la-paga-extra-de-diciembre-2017\/","og_site_name":"PlanearJubilacion.com","article_published_time":"2018-04-19T23:00:19+00:00","article_modified_time":"2025-08-17T23:29:25+00:00","og_image":[{"width":1024,"height":1024,"url":"https:\/\/www.marketingdigitalenred.com\/planearjubilacion\/wp-content\/uploads\/la-seguridad-social-se-endeuda-para-poder-afrontar-la-paga-extra-de-navidad-planear-jubilacion-1024-1024.jpg","type":"image\/jpeg"}],"author":"Roberto Acu\u00f1a P\u00e9rez","twitter_card":"summary_large_image","twitter_misc":{"Escrito por":"Roberto Acu\u00f1a P\u00e9rez","Tiempo de lectura":"1 minuto"},"schema":{"@context":"https:\/\/schema.org","@graph":[{"@type":"Article","@id":"https:\/\/www.marketingdigitalenred.com\/planearjubilacion\/la-seguridad-social-empieza-a-endeudarse-para-abonar-la-paga-extra-de-diciembre-2017\/#article","isPartOf":{"@id":"https:\/\/www.marketingdigitalenred.com\/planearjubilacion\/la-seguridad-social-empieza-a-endeudarse-para-abonar-la-paga-extra-de-diciembre-2017\/"},"author":{"name":"Roberto Acu\u00f1a P\u00e9rez","@id":"https:\/\/www.marketingdigitalenred.com\/planearjubilacion\/#\/schema\/person\/506b2c7a40485ee924a8355f7f9f988a"},"headline":"0001 : La Seguridad Social empieza a endeudarse para abonar la paga extra de diciembre-2017","datePublished":"2018-04-19T23:00:19+00:00","dateModified":"2025-08-17T23:29:25+00:00","mainEntityOfPage":{"@id":"https:\/\/www.marketingdigitalenred.com\/planearjubilacion\/la-seguridad-social-empieza-a-endeudarse-para-abonar-la-paga-extra-de-diciembre-2017\/"},"wordCount":169,"publisher":{"@id":"https:\/\/www.marketingdigitalenred.com\/planearjubilacion\/#\/schema\/person\/506b2c7a40485ee924a8355f7f9f988a"},"image":{"@id":"https:\/\/www.marketingdigitalenred.com\/planearjubilacion\/la-seguridad-social-empieza-a-endeudarse-para-abonar-la-paga-extra-de-diciembre-2017\/#primaryimage"},"thumbnailUrl":"https:\/\/www.marketingdigitalenred.com\/planearjubilacion\/wp-content\/uploads\/la-seguridad-social-se-endeuda-para-poder-afrontar-la-paga-extra-de-navidad-planear-jubilacion-1024-1024.jpg","keywords":["ahorro","Ahorro e Inversi\u00f3n","inversi\u00f3n","Jubilac\u00ed\u00f3n","pensi\u00f3n","pensiones","preparar jubilaci\u00f3n"],"articleSection":["Ahorro e Inversi\u00f3n"],"inLanguage":"es"},{"@type":"WebPage","@id":"https:\/\/www.marketingdigitalenred.com\/planearjubilacion\/la-seguridad-social-empieza-a-endeudarse-para-abonar-la-paga-extra-de-diciembre-2017\/","url":"https:\/\/www.marketingdigitalenred.com\/planearjubilacion\/la-seguridad-social-empieza-a-endeudarse-para-abonar-la-paga-extra-de-diciembre-2017\/","name":"0001 : La Seguridad Social empieza a endeudarse para abonar la paga extra de diciembre-2017 - PlanearJubilacion.com","isPartOf":{"@id":"https:\/\/www.marketingdigitalenred.com\/planearjubilacion\/#website"},"primaryImageOfPage":{"@id":"https:\/\/www.marketingdigitalenred.com\/planearjubilacion\/la-seguridad-social-empieza-a-endeudarse-para-abonar-la-paga-extra-de-diciembre-2017\/#primaryimage"},"image":{"@id":"https:\/\/www.marketingdigitalenred.com\/planearjubilacion\/la-seguridad-social-empieza-a-endeudarse-para-abonar-la-paga-extra-de-diciembre-2017\/#primaryimage"},"thumbnailUrl":"https:\/\/www.marketingdigitalenred.com\/planearjubilacion\/wp-content\/uploads\/la-seguridad-social-se-endeuda-para-poder-afrontar-la-paga-extra-de-navidad-planear-jubilacion-1024-1024.jpg","datePublished":"2018-04-19T23:00:19+00:00","dateModified":"2025-08-17T23:29:25+00:00","breadcrumb":{"@id":"https:\/\/www.marketingdigitalenred.com\/planearjubilacion\/la-seguridad-social-empieza-a-endeudarse-para-abonar-la-paga-extra-de-diciembre-2017\/#breadcrumb"},"inLanguage":"es","potentialAction":[{"@type":"ReadAction","target":["https:\/\/www.marketingdigitalenred.com\/planearjubilacion\/la-seguridad-social-empieza-a-endeudarse-para-abonar-la-paga-extra-de-diciembre-2017\/"]}]},{"@type":"ImageObject","inLanguage":"es","@id":"https:\/\/www.marketingdigitalenred.com\/planearjubilacion\/la-seguridad-social-empieza-a-endeudarse-para-abonar-la-paga-extra-de-diciembre-2017\/#primaryimage","url":"https:\/\/www.marketingdigitalenred.com\/planearjubilacion\/wp-content\/uploads\/la-seguridad-social-se-endeuda-para-poder-afrontar-la-paga-extra-de-navidad-planear-jubilacion-1024-1024.jpg","contentUrl":"https:\/\/www.marketingdigitalenred.com\/planearjubilacion\/wp-content\/uploads\/la-seguridad-social-se-endeuda-para-poder-afrontar-la-paga-extra-de-navidad-planear-jubilacion-1024-1024.jpg","width":1024,"height":1024,"caption":"La Seguridad Social se endeuda para poder afrontar la paga extra de Navidad - Planear Jubilaci\u00f3n"},{"@type":"BreadcrumbList","@id":"https:\/\/www.marketingdigitalenred.com\/planearjubilacion\/la-seguridad-social-empieza-a-endeudarse-para-abonar-la-paga-extra-de-diciembre-2017\/#breadcrumb","itemListElement":[{"@type":"ListItem","position":1,"name":"Portada","item":"https:\/\/www.marketingdigitalenred.com\/planearjubilacion\/"},{"@type":"ListItem","position":2,"name":"0001 : La Seguridad Social empieza a endeudarse para abonar la paga extra de diciembre-2017"}]},{"@type":"WebSite","@id":"https:\/\/www.marketingdigitalenred.com\/planearjubilacion\/#website","url":"https:\/\/www.marketingdigitalenred.com\/planearjubilacion\/","name":"PlanearJubilacion.com","description":"Tu sitio ideal para conseguir tu libertad financiera","publisher":{"@id":"https:\/\/www.marketingdigitalenred.com\/planearjubilacion\/#\/schema\/person\/506b2c7a40485ee924a8355f7f9f988a"},"potentialAction":[{"@type":"SearchAction","target":{"@type":"EntryPoint","urlTemplate":"https:\/\/www.marketingdigitalenred.com\/planearjubilacion\/?s={search_term_string}"},"query-input":{"@type":"PropertyValueSpecification","valueRequired":true,"valueName":"search_term_string"}}],"inLanguage":"es"},{"@type":["Person","Organization"],"@id":"https:\/\/www.marketingdigitalenred.com\/planearjubilacion\/#\/schema\/person\/506b2c7a40485ee924a8355f7f9f988a","name":"Roberto Acu\u00f1a P\u00e9rez","image":{"@type":"ImageObject","inLanguage":"es","@id":"https:\/\/www.marketingdigitalenred.com\/planearjubilacion\/wp-content\/uploads\/Planear-Jubilacion-LogoG-1267-250.png","url":"https:\/\/www.marketingdigitalenred.com\/planearjubilacion\/wp-content\/uploads\/Planear-Jubilacion-LogoG-1267-250.png","contentUrl":"https:\/\/www.marketingdigitalenred.com\/planearjubilacion\/wp-content\/uploads\/Planear-Jubilacion-LogoG-1267-250.png","width":1267,"height":250,"caption":"Roberto Acu\u00f1a P\u00e9rez"},"logo":{"@id":"https:\/\/www.marketingdigitalenred.com\/planearjubilacion\/wp-content\/uploads\/Planear-Jubilacion-LogoG-1267-250.png"},"sameAs":["https:\/\/www.marketingdigitalenred.com\/planearjubilacion"],"url":"https:\/\/www.marketingdigitalenred.com\/planearjubilacion\/author\/robertoacuperezpjcom\/"}]}},"_links":{"self":[{"href":"https:\/\/www.marketingdigitalenred.com\/planearjubilacion\/wp-json\/wp\/v2\/posts\/387","targetHints":{"allow":["GET"]}}],"collection":[{"href":"https:\/\/www.marketingdigitalenred.com\/planearjubilacion\/wp-json\/wp\/v2\/posts"}],"about":[{"href":"https:\/\/www.marketingdigitalenred.com\/planearjubilacion\/wp-json\/wp\/v2\/types\/post"}],"author":[{"embeddable":true,"href":"https:\/\/www.marketingdigitalenred.com\/planearjubilacion\/wp-json\/wp\/v2\/users\/1"}],"replies":[{"embeddable":true,"href":"https:\/\/www.marketingdigitalenred.com\/planearjubilacion\/wp-json\/wp\/v2\/comments?post=387"}],"version-history":[{"count":3,"href":"https:\/\/www.marketingdigitalenred.com\/planearjubilacion\/wp-json\/wp\/v2\/posts\/387\/revisions"}],"predecessor-version":[{"id":1199,"href":"https:\/\/www.marketingdigitalenred.com\/planearjubilacion\/wp-json\/wp\/v2\/posts\/387\/revisions\/1199"}],"wp:featuredmedia":[{"embeddable":true,"href":"https:\/\/www.marketingdigitalenred.com\/planearjubilacion\/wp-json\/wp\/v2\/media\/1176"}],"wp:attachment":[{"href":"https:\/\/www.marketingdigitalenred.com\/planearjubilacion\/wp-json\/wp\/v2\/media?parent=387"}],"wp:term":[{"taxonomy":"category","embeddable":true,"href":"https:\/\/www.marketingdigitalenred.com\/planearjubilacion\/wp-json\/wp\/v2\/categories?post=387"},{"taxonomy":"post_tag","embeddable":true,"href":"https:\/\/www.marketingdigitalenred.com\/planearjubilacion\/wp-json\/wp\/v2\/tags?post=387"}],"curies":[{"name":"wp","href":"https:\/\/api.w.org\/{rel}","templated":true}]}}